{"id":383,"date":"2009-07-06T19:51:59","date_gmt":"2009-07-06T18:51:59","guid":{"rendered":"http:\/\/www.dododidi.de\/?p=383"},"modified":"2009-08-21T06:47:14","modified_gmt":"2009-08-21T05:47:14","slug":"06-07-2009-vesteralen-die-2-komfort","status":"publish","type":"post","link":"https:\/\/www.dododidi.de\/?p=383","title":{"rendered":"06.07.2009: Vester\u00e5len die 2. &#038; Komfort"},"content":{"rendered":"<ul style=\"text-align: justify;\">\n<li>Gesamtkilometer: 100887<\/li>\n<li>Tageskilometer: 182<\/li>\n<li>Reisekilometer: 2883<\/li>\n<\/ul>\n<p style=\"text-align: justify;\">Nachdem wir gestern Abend ja schnell ins Auto und in die Schlafs\u00e4cke gefl\u00fcchtet waren, hatte ich zu vor den Eingang durch die Heckklappen\u00f6ffnung mit einer Decke verhangen, so dass es nicht mehr reinziehen konnte. Zuerst hatte ich beim Einstieg noch die Standheizung an, damit uns wieder warm wurde, dann ging es die Nacht \u00fcber ohne diese. Die Klappe wollte ich nicht zu ziehen (was ja m\u00f6glich w\u00e4re), die Klappe hat das Zelt noch weiter stabilisiert, zum Gl\u00fcck, den ich der Nacht wurde es noch windiger. Aber wir haben alles \u00fcberstanden und sind nach einem schnellen Fr\u00fchst\u00fcck im Zelt und aufwendigen Abbau (damit nichts wegfliegt) wieder schnell von diesem Campingplatz gefl\u00fcchtet.<\/p>\n<p style=\"text-align: justify;\">Warum wir eigentlich so abgelegen gecampt haben? Diese Frage habt ihr euch sicher schon gestellt (hoffentlich). Na wir wollten mal wieder Whale-Watching machen, aber bei dem Wellengang und den Jollen die dort rum standen haben wir uns das verkniffen, wir wollten ja kein Fish-Feeding machen ;). Aber die sind auch nicht gefahren, weil es eben zu wellig war.<\/p>\n<p style=\"text-align: justify;\">ngg_shortcode_0_placeholderDie vielfotografierte oktogonale Kirche in <em>Dverberg <\/em>mussten wir auch ablichten.<\/p>\n<p style=\"text-align: justify;\">Deswegen sind wir ja heute nach <em>Andenes <\/em>gefahren, einem zweiten Punkt in Norwegen, wo so etwas angeboten wird. Die gr\u00f6\u00dferen Schiffe sind aber auch heut hier nicht gefahren, mal sehen, ob sie es morgen machen. Wenn nicht, dann eben nicht und wir fahren weiter, aber angemeldet sind wir schon mal.<\/p>\n<p style=\"text-align: justify;\">Danach stellt sich die Frage des Platzes f\u00fcr die N\u00e4chtigung. Die drei Campingpl\u00e4tze in der N\u00e4he von <em>Andenes <\/em>sind eigentlich alle wundersch\u00f6n, wenn es nicht so winden w\u00fcrde. Und schon wieder so eine Nacht mit solchen Wind wollten wir eigentlich nicht haben.<\/p>\n<p style=\"text-align: justify;\">ngg_shortcode_1_placeholder ngg_shortcode_2_placeholderUnd die Hyttas und andere Roms sind ja ziemlich teuer, so zwischen 860 und 1050 NOK (100-120 Euro), das wollten wir uns ja auch nicht antun. Aber der letzte Campingplatz <a href=\"www.stavecamping.no\" target=\"_blank\"><em>Stavecampimg <\/em><\/a>hat dann noch ein kleines Appartement f\u00fcr uns frei gehabt, f\u00fcr annehmbare 400 NOKs. Mal wieder feste Mauern und keinen Wind: So zum \u201adurchatmen\u2019 \ud83d\ude09<\/p>\n<p style=\"text-align: justify;\">ngg_shortcode_3_placeholderUnd der Strand\u00a0 hier ist nicht schlecht. Da musste ich gleich mal meine neue Wind-und-Wasser-Feste Jacke ausf\u00fchren (wie Kathrin \u00fcbrigens auch).<\/p>\n<p style=\"text-align: justify;\">&nbsp;<\/p>\n<p style=\"text-align: justify;\">Die gefahrene Strecke:<\/p>\n<p><a href=\"http:\/\/www.dododidi.de\/blog\/wp-content\/uploads\/2009\/08\/Norway2009-Day13.gpx\">[maptype=G_HYBRID_MAP;gpxview=all;width=580; align=center; deltazoom=0; gpxspeedchart=hide; gpxelevation=show]<\/a><\/p>\n","protected":false},"excerpt":{"rendered":"<p>Gesamtkilometer: 100887 Tageskilometer: 182 Reisekilometer: 2883 Nachdem wir gestern Abend ja schnell ins Auto und in die Schlafs\u00e4cke gefl\u00fcchtet waren, hatte ich zu vor den Eingang durch die Heckklappen\u00f6ffnung mit einer Decke verhangen, so dass es nicht mehr reinziehen konnte. Zuerst hatte ich beim Einstieg noch die Standheizung an, damit uns wieder warm wurde, dann &hellip; <a href=\"https:\/\/www.dododidi.de\/?p=383\" class=\"more-link\"><span class=\"screen-reader-text\">06.07.2009: Vester\u00e5len die 2. &#038; Komfort<\/span> weiterlesen <span class=\"meta-nav\">&rarr;<\/span><\/a><\/p>\n","protected":false},"author":3,"featured_media":0,"comment_status":"open","ping_status":"open","sticky":false,"template":"","format":"standard","meta":{"ngg_post_thumbnail":0},"categories":[4],"tags":[],"_links":{"self":[{"href":"https:\/\/www.dododidi.de\/index.php?rest_route=\/wp\/v2\/posts\/383"}],"collection":[{"href":"https:\/\/www.dododidi.de\/index.php?rest_route=\/wp\/v2\/posts"}],"about":[{"href":"https:\/\/www.dododidi.de\/index.php?rest_route=\/wp\/v2\/types\/post"}],"author":[{"embeddable":true,"href":"https:\/\/www.dododidi.de\/index.php?rest_route=\/wp\/v2\/users\/3"}],"replies":[{"embeddable":true,"href":"https:\/\/www.dododidi.de\/index.php?rest_route=%2Fwp%2Fv2%2Fcomments&post=383"}],"version-history":[{"count":13,"href":"https:\/\/www.dododidi.de\/index.php?rest_route=\/wp\/v2\/posts\/383\/revisions"}],"predecessor-version":[{"id":721,"href":"https:\/\/www.dododidi.de\/index.php?rest_route=\/wp\/v2\/posts\/383\/revisions\/721"}],"wp:attachment":[{"href":"https:\/\/www.dododidi.de\/index.php?rest_route=%2Fwp%2Fv2%2Fmedia&parent=383"}],"wp:term":[{"taxonomy":"category","embeddable":true,"href":"https:\/\/www.dododidi.de\/index.php?rest_route=%2Fwp%2Fv2%2Fcategories&post=383"},{"taxonomy":"post_tag","embeddable":true,"href":"https:\/\/www.dododidi.de\/index.php?rest_route=%2Fwp%2Fv2%2Ftags&post=383"}],"curies":[{"name":"wp","href":"https:\/\/api.w.org\/{rel}","templated":true}]}}